{"id":114,"date":"2019-09-08T20:09:00","date_gmt":"2019-09-08T18:09:00","guid":{"rendered":"https:\/\/fu-kreisverband-dingolfing-landau.de\/?p=114"},"modified":"2021-12-11T19:09:17","modified_gmt":"2021-12-11T18:09:17","slug":"8-september-2019-sommerempfang-des-bezirksverbandes-der-frauen-union-niederbayern-in-arnbruck-glasdorf-weinfurtner","status":"publish","type":"post","link":"https:\/\/fu-kreisverband-dingolfing-landau.de\/?p=114","title":{"rendered":"8. September 2019: Sommerempfang des Bezirksverbandes der Frauen-Union Niederbayern in Arnbruck, Glasdorf Weinfurtner"},"content":{"rendered":"\n<figure class=\"wp-block-gallery columns-1 is-cropped wp-block-gallery-1 is-layout-flex wp-block-gallery-is-layout-flex\"><ul class=\"blocks-gallery-grid\"><li class=\"blocks-gallery-item\"><figure><img loading=\"lazy\" decoding=\"async\" width=\"988\" height=\"880\" src=\"https:\/\/fu-kreisverband-dingolfing-landau.de\/wp-content\/uploads\/2021\/11\/08.09.19-Sommerempfang-gesamt-m.R..jpg\" alt=\"\" data-id=\"115\" data-full-url=\"https:\/\/fu-kreisverband-dingolfing-landau.de\/wp-content\/uploads\/2021\/11\/08.09.19-Sommerempfang-gesamt-m.R..jpg\" data-link=\"https:\/\/fu-kreisverband-dingolfing-landau.de\/?attachment_id=115#main\" class=\"wp-image-115\" srcset=\"https:\/\/fu-kreisverband-dingolfing-landau.de\/wp-content\/uploads\/2021\/11\/08.09.19-Sommerempfang-gesamt-m.R..jpg 988w, https:\/\/fu-kreisverband-dingolfing-landau.de\/wp-content\/uploads\/2021\/11\/08.09.19-Sommerempfang-gesamt-m.R.-300x267.jpg 300w, https:\/\/fu-kreisverband-dingolfing-landau.de\/wp-content\/uploads\/2021\/11\/08.09.19-Sommerempfang-gesamt-m.R.-768x684.jpg 768w\" sizes=\"auto, (max-width: 988px) 100vw, 988px\" \/><\/figure><\/li><\/ul><\/figure>\n\n\n\n<p>Sommerempfang in stilvollem Ambiente des Glasdorfes. Viele Frauen mit Hut hatten sich eingefunden, um den j\u00e4hrlichen Sommerempfang zu begehen.<\/p>\n\n\n\n<p>Die Bezirksvorsitzende Dr. Petra Loibl durfte \u00fcber 70 Damen begr\u00fc\u00dfen, ebenso&nbsp; Ehreng\u00e4ste, u.a. MdL Max Gibis, den CSU-Kreisvorsirzenden Regen, Stefan Ebner, die FU-Kreisvorsitzende Christine Haas, den SEN-Bezirksvorsitzenden Raimund Fries, Glask\u00f6nigin Veronika Schwarz, Glasprinzessin Michaela Maier sowie die Bezirksvorstandschaft.<\/p>\n\n\n\n<p>Herr Weinfurtner sen. stellte seine Famiie und seinen Betrieb vor. Eine interessante Trachtenmodenschau und die Glasdorfmusi erfreuten das Publikum. Be einem schmackhaften Buffet unterhielten sich die G\u00e4ste, bevor das Glasdorf besichtigt wurde.&nbsp; <\/p>\n\n\n\n<figure class=\"wp-block-gallery columns-2 is-cropped wp-block-gallery-2 is-layout-flex wp-block-gallery-is-layout-flex\"><ul class=\"blocks-gallery-grid\"><li class=\"blocks-gallery-item\"><figure><img loading=\"lazy\" decoding=\"async\" width=\"1024\" height=\"728\" src=\"https:\/\/fu-kreisverband-dingolfing-landau.de\/wp-content\/uploads\/2021\/11\/08.09.19-Sommerempfang-Ehreng-2-1024x728.jpg\" alt=\"\" data-id=\"116\" data-link=\"https:\/\/fu-kreisverband-dingolfing-landau.de\/?attachment_id=116#main\" class=\"wp-image-116\" srcset=\"https:\/\/fu-kreisverband-dingolfing-landau.de\/wp-content\/uploads\/2021\/11\/08.09.19-Sommerempfang-Ehreng-2-1024x728.jpg 1024w, https:\/\/fu-kreisverband-dingolfing-landau.de\/wp-content\/uploads\/2021\/11\/08.09.19-Sommerempfang-Ehreng-2-300x213.jpg 300w, https:\/\/fu-kreisverband-dingolfing-landau.de\/wp-content\/uploads\/2021\/11\/08.09.19-Sommerempfang-Ehreng-2-768x546.jpg 768w, https:\/\/fu-kreisverband-dingolfing-landau.de\/wp-content\/uploads\/2021\/11\/08.09.19-Sommerempfang-Ehreng-2-1536x1093.jpg 1536w, https:\/\/fu-kreisverband-dingolfing-landau.de\/wp-content\/uploads\/2021\/11\/08.09.19-Sommerempfang-Ehreng-2.jpg 1280w\" sizes=\"auto, (max-width: 1024px) 100vw, 1024px\" \/><\/figure><\/li><li class=\"blocks-gallery-item\"><figure><img loading=\"lazy\" decoding=\"async\" width=\"1024\" height=\"655\" src=\"https:\/\/fu-kreisverband-dingolfing-landau.de\/wp-content\/uploads\/2021\/11\/08.09.19-Sommerempfang-Loibl-2-1024x655.jpg\" alt=\"\" data-id=\"117\" data-full-url=\"https:\/\/fu-kreisverband-dingolfing-landau.de\/wp-content\/uploads\/2021\/11\/08.09.19-Sommerempfang-Loibl-2.jpg\" data-link=\"https:\/\/fu-kreisverband-dingolfing-landau.de\/?attachment_id=117#main\" class=\"wp-image-117\" srcset=\"https:\/\/fu-kreisverband-dingolfing-landau.de\/wp-content\/uploads\/2021\/11\/08.09.19-Sommerempfang-Loibl-2-1024x655.jpg 1024w, https:\/\/fu-kreisverband-dingolfing-landau.de\/wp-content\/uploads\/2021\/11\/08.09.19-Sommerempfang-Loibl-2-300x192.jpg 300w, https:\/\/fu-kreisverband-dingolfing-landau.de\/wp-content\/uploads\/2021\/11\/08.09.19-Sommerempfang-Loibl-2-768x492.jpg 768w, https:\/\/fu-kreisverband-dingolfing-landau.de\/wp-content\/uploads\/2021\/11\/08.09.19-Sommerempfang-Loibl-2-1536x983.jpg 1536w, https:\/\/fu-kreisverband-dingolfing-landau.de\/wp-content\/uploads\/2021\/11\/08.09.19-Sommerempfang-Loibl-2.jpg 1280w\" sizes=\"auto, (max-width: 1024px) 100vw, 1024px\" \/><\/figure><\/li><\/ul><\/figure>\n\n\n\n<p>&nbsp;<\/p>\n\n\n\n<figure class=\"wp-block-gallery columns-2 is-cropped wp-block-gallery-3 is-layout-flex wp-block-gallery-is-layout-flex\"><ul class=\"blocks-gallery-grid\"><li class=\"blocks-gallery-item\"><figure><img loading=\"lazy\" decoding=\"async\" width=\"1024\" height=\"580\" src=\"https:\/\/fu-kreisverband-dingolfing-landau.de\/wp-content\/uploads\/2021\/11\/08.09.19-Sommerempfang-Modenschau-a-1024x580.jpg\" alt=\"\" data-id=\"119\" data-full-url=\"https:\/\/fu-kreisverband-dingolfing-landau.de\/wp-content\/uploads\/2021\/11\/08.09.19-Sommerempfang-Modenschau-a.jpg\" data-link=\"https:\/\/fu-kreisverband-dingolfing-landau.de\/?attachment_id=119#main\" class=\"wp-image-119\" srcset=\"https:\/\/fu-kreisverband-dingolfing-landau.de\/wp-content\/uploads\/2021\/11\/08.09.19-Sommerempfang-Modenschau-a-1024x580.jpg 1024w, https:\/\/fu-kreisverband-dingolfing-landau.de\/wp-content\/uploads\/2021\/11\/08.09.19-Sommerempfang-Modenschau-a-300x170.jpg 300w, https:\/\/fu-kreisverband-dingolfing-landau.de\/wp-content\/uploads\/2021\/11\/08.09.19-Sommerempfang-Modenschau-a-768x435.jpg 768w, https:\/\/fu-kreisverband-dingolfing-landau.de\/wp-content\/uploads\/2021\/11\/08.09.19-Sommerempfang-Modenschau-a-1536x869.jpg 1536w, https:\/\/fu-kreisverband-dingolfing-landau.de\/wp-content\/uploads\/2021\/11\/08.09.19-Sommerempfang-Modenschau-a.jpg 1280w\" sizes=\"auto, (max-width: 1024px) 100vw, 1024px\" \/><\/figure><\/li><li class=\"blocks-gallery-item\"><figure><img loading=\"lazy\" decoding=\"async\" width=\"1024\" height=\"910\" src=\"https:\/\/fu-kreisverband-dingolfing-landau.de\/wp-content\/uploads\/2021\/11\/08.09.19-Sommerempfang-Musik-a-1024x910.jpg\" alt=\"\" data-id=\"118\" data-link=\"https:\/\/fu-kreisverband-dingolfing-landau.de\/?attachment_id=118#main\" class=\"wp-image-118\" srcset=\"https:\/\/fu-kreisverband-dingolfing-landau.de\/wp-content\/uploads\/2021\/11\/08.09.19-Sommerempfang-Musik-a-1024x910.jpg 1024w, https:\/\/fu-kreisverband-dingolfing-landau.de\/wp-content\/uploads\/2021\/11\/08.09.19-Sommerempfang-Musik-a-300x267.jpg 300w, https:\/\/fu-kreisverband-dingolfing-landau.de\/wp-content\/uploads\/2021\/11\/08.09.19-Sommerempfang-Musik-a-768x683.jpg 768w, https:\/\/fu-kreisverband-dingolfing-landau.de\/wp-content\/uploads\/2021\/11\/08.09.19-Sommerempfang-Musik-a-1536x1365.jpg 1536w, https:\/\/fu-kreisverband-dingolfing-landau.de\/wp-content\/uploads\/2021\/11\/08.09.19-Sommerempfang-Musik-a.jpg 1280w\" sizes=\"auto, (max-width: 1024px) 100vw, 1024px\" \/><\/figure><\/li><\/ul><\/figure>\n\n\n\n<figure class=\"wp-block-gallery columns-2 is-cropped wp-block-gallery-4 is-layout-flex wp-block-gallery-is-layout-flex\"><ul class=\"blocks-gallery-grid\"><li class=\"blocks-gallery-item\"><figure><img loading=\"lazy\" decoding=\"async\" width=\"1024\" height=\"768\" src=\"https:\/\/fu-kreisverband-dingolfing-landau.de\/wp-content\/uploads\/2021\/11\/08.09.19-Sommerempfang-DGF-Landau-1024x768.jpg\" alt=\"\" data-id=\"120\" data-link=\"https:\/\/fu-kreisverband-dingolfing-landau.de\/?attachment_id=120#main\" class=\"wp-image-120\" srcset=\"https:\/\/fu-kreisverband-dingolfing-landau.de\/wp-content\/uploads\/2021\/11\/08.09.19-Sommerempfang-DGF-Landau-1024x768.jpg 1024w, https:\/\/fu-kreisverband-dingolfing-landau.de\/wp-content\/uploads\/2021\/11\/08.09.19-Sommerempfang-DGF-Landau-300x225.jpg 300w, https:\/\/fu-kreisverband-dingolfing-landau.de\/wp-content\/uploads\/2021\/11\/08.09.19-Sommerempfang-DGF-Landau-768x576.jpg 768w, https:\/\/fu-kreisverband-dingolfing-landau.de\/wp-content\/uploads\/2021\/11\/08.09.19-Sommerempfang-DGF-Landau-1536x1152.jpg 1536w, https:\/\/fu-kreisverband-dingolfing-landau.de\/wp-content\/uploads\/2021\/11\/08.09.19-Sommerempfang-DGF-Landau-2048x1536.jpg 2048w, https:\/\/fu-kreisverband-dingolfing-landau.de\/wp-content\/uploads\/2021\/11\/08.09.19-Sommerempfang-DGF-Landau.jpg 1280w\" sizes=\"auto, (max-width: 1024px) 100vw, 1024px\" \/><\/figure><\/li><li class=\"blocks-gallery-item\"><figure><img loading=\"lazy\" decoding=\"async\" width=\"1024\" height=\"768\" src=\"https:\/\/fu-kreisverband-dingolfing-landau.de\/wp-content\/uploads\/2021\/11\/08.09.19-Sommerempfang-DGF-Landau-Tisch-1024x768.jpg\" alt=\"\" data-id=\"121\" data-full-url=\"https:\/\/fu-kreisverband-dingolfing-landau.de\/wp-content\/uploads\/2021\/11\/08.09.19-Sommerempfang-DGF-Landau-Tisch.jpg\" data-link=\"https:\/\/fu-kreisverband-dingolfing-landau.de\/?attachment_id=121#main\" class=\"wp-image-121\" srcset=\"https:\/\/fu-kreisverband-dingolfing-landau.de\/wp-content\/uploads\/2021\/11\/08.09.19-Sommerempfang-DGF-Landau-Tisch-1024x768.jpg 1024w, https:\/\/fu-kreisverband-dingolfing-landau.de\/wp-content\/uploads\/2021\/11\/08.09.19-Sommerempfang-DGF-Landau-Tisch-300x225.jpg 300w, https:\/\/fu-kreisverband-dingolfing-landau.de\/wp-content\/uploads\/2021\/11\/08.09.19-Sommerempfang-DGF-Landau-Tisch-768x576.jpg 768w, https:\/\/fu-kreisverband-dingolfing-landau.de\/wp-content\/uploads\/2021\/11\/08.09.19-Sommerempfang-DGF-Landau-Tisch-1536x1152.jpg 1536w, https:\/\/fu-kreisverband-dingolfing-landau.de\/wp-content\/uploads\/2021\/11\/08.09.19-Sommerempfang-DGF-Landau-Tisch-2048x1536.jpg 2048w, https:\/\/fu-kreisverband-dingolfing-landau.de\/wp-content\/uploads\/2021\/11\/08.09.19-Sommerempfang-DGF-Landau-Tisch.jpg 1280w\" sizes=\"auto, (max-width: 1024px) 100vw, 1024px\" \/><\/figure><\/li><\/ul><\/figure>\n","protected":false},"excerpt":{"rendered":"<p>Sommerempfang in stilvollem Ambiente des Glasdorfes. Viele Frauen mit Hut hatten sich eingefunden, um den j\u00e4hrlichen Sommerempfang zu begehen. Die Bezirksvorsitzende Dr. Petra Loibl durfte \u00fcber 70 Damen begr\u00fc\u00dfen, ebenso&nbsp; Ehreng\u00e4ste, u.a. MdL Max Gibis, den CSU-Kreisvorsirzenden Regen, Stefan Ebner, die FU-Kreisvorsitzende Christine Haas, den SEN-Bezirksvorsitzenden Raimund Fries, Glask\u00f6nigin Veronika Schwarz, Glasprinzessin Michaela Maier sowie &#8230; <a title=\"8. September 2019: Sommerempfang des Bezirksverbandes der Frauen-Union Niederbayern in Arnbruck, Glasdorf Weinfurtner\" class=\"read-more\" href=\"https:\/\/fu-kreisverband-dingolfing-landau.de\/?p=114\" aria-label=\"Mehr Informationen \u00fcber 8. September 2019: Sommerempfang des Bezirksverbandes der Frauen-Union Niederbayern in Arnbruck, Glasdorf Weinfurtner\">Weiterlesen<\/a><\/p>\n","protected":false},"author":1,"featured_media":0,"comment_status":"closed","ping_status":"closed","sticky":false,"template":"","format":"standard","meta":{"footnotes":""},"categories":[1],"tags":[],"class_list":["post-114","post","type-post","status-publish","format-standard","hentry","category-allgemein"],"_links":{"self":[{"href":"https:\/\/fu-kreisverband-dingolfing-landau.de\/index.php?rest_route=\/wp\/v2\/posts\/114","targetHints":{"allow":["GET"]}}],"collection":[{"href":"https:\/\/fu-kreisverband-dingolfing-landau.de\/index.php?rest_route=\/wp\/v2\/posts"}],"about":[{"href":"https:\/\/fu-kreisverband-dingolfing-landau.de\/index.php?rest_route=\/wp\/v2\/types\/post"}],"author":[{"embeddable":true,"href":"https:\/\/fu-kreisverband-dingolfing-landau.de\/index.php?rest_route=\/wp\/v2\/users\/1"}],"replies":[{"embeddable":true,"href":"https:\/\/fu-kreisverband-dingolfing-landau.de\/index.php?rest_route=%2Fwp%2Fv2%2Fcomments&post=114"}],"version-history":[{"count":0,"href":"https:\/\/fu-kreisverband-dingolfing-landau.de\/index.php?rest_route=\/wp\/v2\/posts\/114\/revisions"}],"wp:attachment":[{"href":"https:\/\/fu-kreisverband-dingolfing-landau.de\/index.php?rest_route=%2Fwp%2Fv2%2Fmedia&parent=114"}],"wp:term":[{"taxonomy":"category","embeddable":true,"href":"https:\/\/fu-kreisverband-dingolfing-landau.de\/index.php?rest_route=%2Fwp%2Fv2%2Fcategories&post=114"},{"taxonomy":"post_tag","embeddable":true,"href":"https:\/\/fu-kreisverband-dingolfing-landau.de\/index.php?rest_route=%2Fwp%2Fv2%2Ftags&post=114"}],"curies":[{"name":"wp","href":"https:\/\/api.w.org\/{rel}","templated":true}]}}