{"id":139,"date":"2019-11-25T20:09:00","date_gmt":"2019-11-25T19:09:00","guid":{"rendered":"https:\/\/fu-kreisverband-dingolfing-landau.de\/?p=139"},"modified":"2021-12-11T19:09:17","modified_gmt":"2021-12-11T18:09:17","slug":"25-november-2019-ausserordentliche-kreisvertreterversammlung-mit-neuwahlen","status":"publish","type":"post","link":"https:\/\/fu-kreisverband-dingolfing-landau.de\/?p=139","title":{"rendered":"25. November 2019: Au\u00dferordentliche Kreisvertreterversammlung mit Neuwahlen"},"content":{"rendered":"\n<p>im Br\u00e4uhof in Wallersdorf<\/p>\n\n\n\n<p>Zur neuen Kreisvorsitzenden wurde gew\u00e4hlt: Andrea Fitz<\/p>\n\n\n\n<p>Als eine der vier Stellverterinnen wurde neu gew\u00e4hlt: Sabine Schulte<\/p>\n\n\n\n<figure class=\"wp-block-gallery columns-1 is-cropped wp-block-gallery-1 is-layout-flex wp-block-gallery-is-layout-flex\"><ul class=\"blocks-gallery-grid\"><li class=\"blocks-gallery-item\"><figure><img loading=\"lazy\" decoding=\"async\" width=\"1024\" height=\"751\" src=\"https:\/\/fu-kreisverband-dingolfing-landau.de\/wp-content\/uploads\/2021\/11\/25.11.19-aussero.-Kreisvertretervers.-Gruppe-a-m.R.-1024x751.jpg\" alt=\"\" data-id=\"140\" data-full-url=\"https:\/\/fu-kreisverband-dingolfing-landau.de\/wp-content\/uploads\/2021\/11\/25.11.19-aussero.-Kreisvertretervers.-Gruppe-a-m.R..jpg\" data-link=\"https:\/\/fu-kreisverband-dingolfing-landau.de\/?attachment_id=140#main\" class=\"wp-image-140\" srcset=\"https:\/\/fu-kreisverband-dingolfing-landau.de\/wp-content\/uploads\/2021\/11\/25.11.19-aussero.-Kreisvertretervers.-Gruppe-a-m.R.-1024x751.jpg 1024w, https:\/\/fu-kreisverband-dingolfing-landau.de\/wp-content\/uploads\/2021\/11\/25.11.19-aussero.-Kreisvertretervers.-Gruppe-a-m.R.-300x220.jpg 300w, https:\/\/fu-kreisverband-dingolfing-landau.de\/wp-content\/uploads\/2021\/11\/25.11.19-aussero.-Kreisvertretervers.-Gruppe-a-m.R.-768x563.jpg 768w, https:\/\/fu-kreisverband-dingolfing-landau.de\/wp-content\/uploads\/2021\/11\/25.11.19-aussero.-Kreisvertretervers.-Gruppe-a-m.R.-1536x1126.jpg 1536w, https:\/\/fu-kreisverband-dingolfing-landau.de\/wp-content\/uploads\/2021\/11\/25.11.19-aussero.-Kreisvertretervers.-Gruppe-a-m.R.-2048x1501.jpg 2048w, https:\/\/fu-kreisverband-dingolfing-landau.de\/wp-content\/uploads\/2021\/11\/25.11.19-aussero.-Kreisvertretervers.-Gruppe-a-m.R..jpg 1280w\" sizes=\"auto, (max-width: 1024px) 100vw, 1024px\" \/><figcaption class=\"blocks-gallery-item__caption\"><strong>Bezirksvorsitzende Dr. Petra Loibl mit neuer Kreisvorsitzender Andrea Fitz und neuer stv. Vorsitzender Sabine Schulte, <\/strong><br><strong>weiteren Stellvertreterinnen, stv. Landesvorsitzender Gudrun Zollner und B\u00fcrgermeister Ottmar Hirschbichle<\/strong>r<\/figcaption><\/figure><\/li><\/ul><\/figure>\n\n\n\n<figure class=\"wp-block-gallery columns-2 is-cropped wp-block-gallery-2 is-layout-flex wp-block-gallery-is-layout-flex\"><ul class=\"blocks-gallery-grid\"><li class=\"blocks-gallery-item\"><figure><img loading=\"lazy\" decoding=\"async\" width=\"1024\" height=\"768\" src=\"https:\/\/fu-kreisverband-dingolfing-landau.de\/wp-content\/uploads\/2021\/11\/25.11.19-aussero.-Kreisvertretervers.-Saal-1024x768.jpg\" alt=\"\" data-id=\"143\" data-link=\"https:\/\/fu-kreisverband-dingolfing-landau.de\/?attachment_id=143#main\" class=\"wp-image-143\" srcset=\"https:\/\/fu-kreisverband-dingolfing-landau.de\/wp-content\/uploads\/2021\/11\/25.11.19-aussero.-Kreisvertretervers.-Saal-1024x768.jpg 1024w, https:\/\/fu-kreisverband-dingolfing-landau.de\/wp-content\/uploads\/2021\/11\/25.11.19-aussero.-Kreisvertretervers.-Saal-300x225.jpg 300w, https:\/\/fu-kreisverband-dingolfing-landau.de\/wp-content\/uploads\/2021\/11\/25.11.19-aussero.-Kreisvertretervers.-Saal-768x576.jpg 768w, https:\/\/fu-kreisverband-dingolfing-landau.de\/wp-content\/uploads\/2021\/11\/25.11.19-aussero.-Kreisvertretervers.-Saal-1536x1152.jpg 1536w, https:\/\/fu-kreisverband-dingolfing-landau.de\/wp-content\/uploads\/2021\/11\/25.11.19-aussero.-Kreisvertretervers.-Saal-2048x1536.jpg 2048w, https:\/\/fu-kreisverband-dingolfing-landau.de\/wp-content\/uploads\/2021\/11\/25.11.19-aussero.-Kreisvertretervers.-Saal.jpg 1280w\" sizes=\"auto, (max-width: 1024px) 100vw, 1024px\" \/><\/figure><\/li><li class=\"blocks-gallery-item\"><figure><img loading=\"lazy\" decoding=\"async\" width=\"1024\" height=\"768\" src=\"https:\/\/fu-kreisverband-dingolfing-landau.de\/wp-content\/uploads\/2021\/11\/25.11.19-aussero.-Kreisvertretervers.-F.B.-1024x768.jpg\" alt=\"\" data-id=\"144\" data-full-url=\"https:\/\/fu-kreisverband-dingolfing-landau.de\/wp-content\/uploads\/2021\/11\/25.11.19-aussero.-Kreisvertretervers.-F.B..jpg\" data-link=\"https:\/\/fu-kreisverband-dingolfing-landau.de\/?attachment_id=144#main\" class=\"wp-image-144\" srcset=\"https:\/\/fu-kreisverband-dingolfing-landau.de\/wp-content\/uploads\/2021\/11\/25.11.19-aussero.-Kreisvertretervers.-F.B.-1024x768.jpg 1024w, https:\/\/fu-kreisverband-dingolfing-landau.de\/wp-content\/uploads\/2021\/11\/25.11.19-aussero.-Kreisvertretervers.-F.B.-300x225.jpg 300w, https:\/\/fu-kreisverband-dingolfing-landau.de\/wp-content\/uploads\/2021\/11\/25.11.19-aussero.-Kreisvertretervers.-F.B.-768x576.jpg 768w, https:\/\/fu-kreisverband-dingolfing-landau.de\/wp-content\/uploads\/2021\/11\/25.11.19-aussero.-Kreisvertretervers.-F.B.-1536x1152.jpg 1536w, https:\/\/fu-kreisverband-dingolfing-landau.de\/wp-content\/uploads\/2021\/11\/25.11.19-aussero.-Kreisvertretervers.-F.B.-2048x1536.jpg 2048w, https:\/\/fu-kreisverband-dingolfing-landau.de\/wp-content\/uploads\/2021\/11\/25.11.19-aussero.-Kreisvertretervers.-F.B..jpg 1280w\" sizes=\"auto, (max-width: 1024px) 100vw, 1024px\" \/><\/figure><\/li><\/ul><\/figure>\n\n\n\n<figure class=\"wp-block-gallery columns-1 is-cropped wp-block-gallery-3 is-layout-flex wp-block-gallery-is-layout-flex\"><ul class=\"blocks-gallery-grid\"><li class=\"blocks-gallery-item\"><figure><img loading=\"lazy\" decoding=\"async\" width=\"991\" height=\"1024\" src=\"https:\/\/fu-kreisverband-dingolfing-landau.de\/wp-content\/uploads\/2021\/11\/25.11.19-aussero.-Kreisvertretervers.-F.L.-2-991x1024.jpg\" alt=\"\" data-id=\"145\" data-full-url=\"https:\/\/fu-kreisverband-dingolfing-landau.de\/wp-content\/uploads\/2021\/11\/25.11.19-aussero.-Kreisvertretervers.-F.L.-2.jpg\" data-link=\"https:\/\/fu-kreisverband-dingolfing-landau.de\/?attachment_id=145#main\" class=\"wp-image-145\" srcset=\"https:\/\/fu-kreisverband-dingolfing-landau.de\/wp-content\/uploads\/2021\/11\/25.11.19-aussero.-Kreisvertretervers.-F.L.-2-991x1024.jpg 991w, https:\/\/fu-kreisverband-dingolfing-landau.de\/wp-content\/uploads\/2021\/11\/25.11.19-aussero.-Kreisvertretervers.-F.L.-2-290x300.jpg 290w, https:\/\/fu-kreisverband-dingolfing-landau.de\/wp-content\/uploads\/2021\/11\/25.11.19-aussero.-Kreisvertretervers.-F.L.-2-768x794.jpg 768w, https:\/\/fu-kreisverband-dingolfing-landau.de\/wp-content\/uploads\/2021\/11\/25.11.19-aussero.-Kreisvertretervers.-F.L.-2.jpg 1239w\" sizes=\"auto, (max-width: 991px) 100vw, 991px\" \/><\/figure><\/li><\/ul><\/figure>\n","protected":false},"excerpt":{"rendered":"<p>im Br\u00e4uhof in Wallersdorf Zur neuen Kreisvorsitzenden wurde gew\u00e4hlt: Andrea Fitz Als eine der vier Stellverterinnen wurde neu gew\u00e4hlt: Sabine Schulte<\/p>\n","protected":false},"author":1,"featured_media":0,"comment_status":"closed","ping_status":"closed","sticky":false,"template":"","format":"standard","meta":{"footnotes":""},"categories":[1],"tags":[],"class_list":["post-139","post","type-post","status-publish","format-standard","hentry","category-allgemein"],"_links":{"self":[{"href":"https:\/\/fu-kreisverband-dingolfing-landau.de\/index.php?rest_route=\/wp\/v2\/posts\/139","targetHints":{"allow":["GET"]}}],"collection":[{"href":"https:\/\/fu-kreisverband-dingolfing-landau.de\/index.php?rest_route=\/wp\/v2\/posts"}],"about":[{"href":"https:\/\/fu-kreisverband-dingolfing-landau.de\/index.php?rest_route=\/wp\/v2\/types\/post"}],"author":[{"embeddable":true,"href":"https:\/\/fu-kreisverband-dingolfing-landau.de\/index.php?rest_route=\/wp\/v2\/users\/1"}],"replies":[{"embeddable":true,"href":"https:\/\/fu-kreisverband-dingolfing-landau.de\/index.php?rest_route=%2Fwp%2Fv2%2Fcomments&post=139"}],"version-history":[{"count":0,"href":"https:\/\/fu-kreisverband-dingolfing-landau.de\/index.php?rest_route=\/wp\/v2\/posts\/139\/revisions"}],"wp:attachment":[{"href":"https:\/\/fu-kreisverband-dingolfing-landau.de\/index.php?rest_route=%2Fwp%2Fv2%2Fmedia&parent=139"}],"wp:term":[{"taxonomy":"category","embeddable":true,"href":"https:\/\/fu-kreisverband-dingolfing-landau.de\/index.php?rest_route=%2Fwp%2Fv2%2Fcategories&post=139"},{"taxonomy":"post_tag","embeddable":true,"href":"https:\/\/fu-kreisverband-dingolfing-landau.de\/index.php?rest_route=%2Fwp%2Fv2%2Ftags&post=139"}],"curies":[{"name":"wp","href":"https:\/\/api.w.org\/{rel}","templated":true}]}}