{"id":218,"date":"2021-10-03T20:09:00","date_gmt":"2021-10-03T18:09:00","guid":{"rendered":"https:\/\/fu-kreisverband-dingolfing-landau.de\/?p=218"},"modified":"2021-12-11T19:09:16","modified_gmt":"2021-12-11T18:09:16","slug":"3-oktober-2021-feier-zum-tag-der-deutschen-einheit","status":"publish","type":"post","link":"https:\/\/fu-kreisverband-dingolfing-landau.de\/?p=218","title":{"rendered":"3. Oktober 2021: Feier zum Tag der Deutschen Einheit"},"content":{"rendered":"\n<p class=\"has-text-align-center\"><strong>Traditionelle Feier der CSU am Franz-Josef-Strau\u00df-Denkmal in Reisbach<\/strong><\/p>\n\n\n\n<p class=\"has-text-align-center has-medium-font-size\"><strong>Die Festansprache hielt Volker Kauder, MdB<\/strong><\/p>\n\n\n\n<figure class=\"wp-block-gallery columns-1 is-cropped wp-block-gallery-1 is-layout-flex wp-block-gallery-is-layout-flex\"><ul class=\"blocks-gallery-grid\"><li class=\"blocks-gallery-item\"><figure><img loading=\"lazy\" decoding=\"async\" width=\"1024\" height=\"773\" src=\"https:\/\/fu-kreisverband-dingolfing-landau.de\/wp-content\/uploads\/2021\/11\/03.10.21-FU-Damen-m.R.-1024x773.jpg\" alt=\"\" data-id=\"220\" data-full-url=\"https:\/\/fu-kreisverband-dingolfing-landau.de\/wp-content\/uploads\/2021\/11\/03.10.21-FU-Damen-m.R.-scaled.jpg\" data-link=\"https:\/\/fu-kreisverband-dingolfing-landau.de\/?attachment_id=220#main\" class=\"wp-image-220\" srcset=\"https:\/\/fu-kreisverband-dingolfing-landau.de\/wp-content\/uploads\/2021\/11\/03.10.21-FU-Damen-m.R.-1024x773.jpg 1024w, https:\/\/fu-kreisverband-dingolfing-landau.de\/wp-content\/uploads\/2021\/11\/03.10.21-FU-Damen-m.R.-300x226.jpg 300w, https:\/\/fu-kreisverband-dingolfing-landau.de\/wp-content\/uploads\/2021\/11\/03.10.21-FU-Damen-m.R.-768x580.jpg 768w, https:\/\/fu-kreisverband-dingolfing-landau.de\/wp-content\/uploads\/2021\/11\/03.10.21-FU-Damen-m.R.-1536x1159.jpg 1536w, https:\/\/fu-kreisverband-dingolfing-landau.de\/wp-content\/uploads\/2021\/11\/03.10.21-FU-Damen-m.R.-2048x1546.jpg 2048w, https:\/\/fu-kreisverband-dingolfing-landau.de\/wp-content\/uploads\/2021\/11\/03.10.21-FU-Damen-m.R..jpg 1280w\" sizes=\"auto, (max-width: 1024px) 100vw, 1024px\" \/><figcaption class=\"blocks-gallery-item__caption\"><strong>Die Damen der Frauen-Union mit Volker Kauder<\/strong><\/figcaption><\/figure><\/li><\/ul><\/figure>\n\n\n\n<p>Nach einj\u00e4hriger Unterbrechung aufgrund der Corona-Beschr\u00e4nkungen konnte dieses Jahr wieder die traditionelle Feier zum Tag der Deutschen Einheit auf dem Volksfestplatz in Reisbach stattfinden. Bei strahlendem Herbstwetter begr\u00fc\u00dfte der CSU-Ortsvorsitzende Andreas Steinberger die zahlreich erschienenen G\u00e4ste. MdB Max Straubinger sprach das Gru\u00dfwort, wobei er auf die langj\u00e4hrige Zusammenarbeit und Freundschaft mit Volker Kauder hinwies. 13 Jahre erf\u00fcllte Volker Kauder die Aufgaben des Fraktionsvorsitzenden. Es wurde vieles geschafft; in besonderer Weise f\u00fcr das Zusammenwachsen Deutschlands und den Zusammenhalt Europas.   <\/p>\n\n\n\n<p>In einer eindrucksvollen Rede ging Volker Kauder auf 30 Jahre Deutsche Einheit ein. Er richtete dabei auch den Blick auf die wirtschaftliche Gegenwart. Volker Kauder w\u00fcnschte sich zum 3. Oktober einen neuen Aufbruch in eine Zeit der Leistungsbereitschaft, des Mutes und Risikobereitschaft, selbst\u00fcberzeugend und von unseren Werten getragen.  <\/p>\n\n\n\n<figure class=\"wp-block-gallery columns-2 is-cropped wp-block-gallery-2 is-layout-flex wp-block-gallery-is-layout-flex\"><ul class=\"blocks-gallery-grid\"><li class=\"blocks-gallery-item\"><figure><img loading=\"lazy\" decoding=\"async\" width=\"1024\" height=\"665\" src=\"https:\/\/fu-kreisverband-dingolfing-landau.de\/wp-content\/uploads\/2021\/11\/03.10.21-Huber-1024x665.jpg\" alt=\"\" data-id=\"225\" data-full-url=\"https:\/\/fu-kreisverband-dingolfing-landau.de\/wp-content\/uploads\/2021\/11\/03.10.21-Huber-scaled.jpg\" data-link=\"https:\/\/fu-kreisverband-dingolfing-landau.de\/?attachment_id=225#main\" class=\"wp-image-225\" srcset=\"https:\/\/fu-kreisverband-dingolfing-landau.de\/wp-content\/uploads\/2021\/11\/03.10.21-Huber-1024x665.jpg 1024w, https:\/\/fu-kreisverband-dingolfing-landau.de\/wp-content\/uploads\/2021\/11\/03.10.21-Huber-300x195.jpg 300w, https:\/\/fu-kreisverband-dingolfing-landau.de\/wp-content\/uploads\/2021\/11\/03.10.21-Huber-768x498.jpg 768w, https:\/\/fu-kreisverband-dingolfing-landau.de\/wp-content\/uploads\/2021\/11\/03.10.21-Huber-1536x997.jpg 1536w, https:\/\/fu-kreisverband-dingolfing-landau.de\/wp-content\/uploads\/2021\/11\/03.10.21-Huber-2048x1329.jpg 2048w, https:\/\/fu-kreisverband-dingolfing-landau.de\/wp-content\/uploads\/2021\/11\/03.10.21-Huber.jpg 1280w\" sizes=\"auto, (max-width: 1024px) 100vw, 1024px\" \/><\/figure><\/li><li class=\"blocks-gallery-item\"><figure><img loading=\"lazy\" decoding=\"async\" width=\"1024\" height=\"630\" src=\"https:\/\/fu-kreisverband-dingolfing-landau.de\/wp-content\/uploads\/2021\/11\/03.10.21-Ehr-1024x630.jpg\" alt=\"\" data-id=\"224\" data-link=\"https:\/\/fu-kreisverband-dingolfing-landau.de\/?attachment_id=224#main\" class=\"wp-image-224\" srcset=\"https:\/\/fu-kreisverband-dingolfing-landau.de\/wp-content\/uploads\/2021\/11\/03.10.21-Ehr-1024x630.jpg 1024w, https:\/\/fu-kreisverband-dingolfing-landau.de\/wp-content\/uploads\/2021\/11\/03.10.21-Ehr-300x185.jpg 300w, https:\/\/fu-kreisverband-dingolfing-landau.de\/wp-content\/uploads\/2021\/11\/03.10.21-Ehr-768x472.jpg 768w, https:\/\/fu-kreisverband-dingolfing-landau.de\/wp-content\/uploads\/2021\/11\/03.10.21-Ehr-1536x945.jpg 1536w, https:\/\/fu-kreisverband-dingolfing-landau.de\/wp-content\/uploads\/2021\/11\/03.10.21-Ehr-2048x1260.jpg 2048w, https:\/\/fu-kreisverband-dingolfing-landau.de\/wp-content\/uploads\/2021\/11\/03.10.21-Ehr.jpg 1280w\" sizes=\"auto, (max-width: 1024px) 100vw, 1024px\" \/><\/figure><\/li><\/ul><\/figure>\n\n\n\n<p>Staatsminister a. D. Erwin Huber sprach das Schlusswort. Mit einem Bayerischen Gastgeschenk wurde Volker Kauder f\u00fcr seinen Besuch gedankt.<\/p>\n","protected":false},"excerpt":{"rendered":"<p>Traditionelle Feier der CSU am Franz-Josef-Strau\u00df-Denkmal in Reisbach Die Festansprache hielt Volker Kauder, MdB Nach einj\u00e4hriger Unterbrechung aufgrund der Corona-Beschr\u00e4nkungen konnte dieses Jahr wieder die traditionelle Feier zum Tag der Deutschen Einheit auf dem Volksfestplatz in Reisbach stattfinden. Bei strahlendem Herbstwetter begr\u00fc\u00dfte der CSU-Ortsvorsitzende Andreas Steinberger die zahlreich erschienenen G\u00e4ste. MdB Max Straubinger sprach das &#8230; <a title=\"3. Oktober 2021: Feier zum Tag der Deutschen Einheit\" class=\"read-more\" href=\"https:\/\/fu-kreisverband-dingolfing-landau.de\/?p=218\" aria-label=\"Mehr Informationen \u00fcber 3. Oktober 2021: Feier zum Tag der Deutschen Einheit\">Weiterlesen<\/a><\/p>\n","protected":false},"author":1,"featured_media":0,"comment_status":"closed","ping_status":"closed","sticky":false,"template":"","format":"standard","meta":{"footnotes":""},"categories":[1],"tags":[],"class_list":["post-218","post","type-post","status-publish","format-standard","hentry","category-allgemein"],"_links":{"self":[{"href":"https:\/\/fu-kreisverband-dingolfing-landau.de\/index.php?rest_route=\/wp\/v2\/posts\/218","targetHints":{"allow":["GET"]}}],"collection":[{"href":"https:\/\/fu-kreisverband-dingolfing-landau.de\/index.php?rest_route=\/wp\/v2\/posts"}],"about":[{"href":"https:\/\/fu-kreisverband-dingolfing-landau.de\/index.php?rest_route=\/wp\/v2\/types\/post"}],"author":[{"embeddable":true,"href":"https:\/\/fu-kreisverband-dingolfing-landau.de\/index.php?rest_route=\/wp\/v2\/users\/1"}],"replies":[{"embeddable":true,"href":"https:\/\/fu-kreisverband-dingolfing-landau.de\/index.php?rest_route=%2Fwp%2Fv2%2Fcomments&post=218"}],"version-history":[{"count":0,"href":"https:\/\/fu-kreisverband-dingolfing-landau.de\/index.php?rest_route=\/wp\/v2\/posts\/218\/revisions"}],"wp:attachment":[{"href":"https:\/\/fu-kreisverband-dingolfing-landau.de\/index.php?rest_route=%2Fwp%2Fv2%2Fmedia&parent=218"}],"wp:term":[{"taxonomy":"category","embeddable":true,"href":"https:\/\/fu-kreisverband-dingolfing-landau.de\/index.php?rest_route=%2Fwp%2Fv2%2Fcategories&post=218"},{"taxonomy":"post_tag","embeddable":true,"href":"https:\/\/fu-kreisverband-dingolfing-landau.de\/index.php?rest_route=%2Fwp%2Fv2%2Ftags&post=218"}],"curies":[{"name":"wp","href":"https:\/\/api.w.org\/{rel}","templated":true}]}}