{"id":732,"date":"2024-06-04T19:53:13","date_gmt":"2024-06-04T17:53:13","guid":{"rendered":"https:\/\/fu-kreisverband-dingolfing-landau.de\/?p=732"},"modified":"2024-07-31T21:02:45","modified_gmt":"2024-07-31T19:02:45","slug":"26-april-2024-kreisvertreterversammlung","status":"publish","type":"post","link":"https:\/\/fu-kreisverband-dingolfing-landau.de\/?p=732","title":{"rendered":"26. April 2024: Kreisvertreterversammlung"},"content":{"rendered":"\n<p>Die Delegierten des FU-Kreisverbandes trafen sich im Br\u00e4uhof Wallersdorf zur Kreisvertreterversammlung. Die Kreisvorsitzende Andrea Fitz konnte dazu auch die FU-Bezirksvorsitzende Dr. Petra Loibl und die stv. Landesvorsitzende Gudrun Zolllner begr\u00fc\u00dfen. Ein besonderer Gru\u00df galt der Listenkandidatin zur Europawahl 2024, Frau Christine Engel.  <\/p>\n\n\n\n<div class=\"wp-block-columns is-layout-flex wp-container-core-columns-is-layout-9d6595d7 wp-block-columns-is-layout-flex\">\n<div class=\"wp-block-column is-layout-flow wp-block-column-is-layout-flow\">\n<figure class=\"wp-block-gallery has-nested-images columns-default is-cropped wp-block-gallery-1 is-layout-flex wp-block-gallery-is-layout-flex\">\n<figure class=\"wp-block-image size-large\"><img loading=\"lazy\" decoding=\"async\" width=\"773\" height=\"1024\" data-id=\"735\" src=\"https:\/\/fu-kreisverband-dingolfing-landau.de\/wp-content\/uploads\/2024\/06\/26.04.24-Kreisdelegiertenversammlung-Loibl-a-m.R-773x1024.jpg\" alt=\"\" class=\"wp-image-735\" srcset=\"https:\/\/fu-kreisverband-dingolfing-landau.de\/wp-content\/uploads\/2024\/06\/26.04.24-Kreisdelegiertenversammlung-Loibl-a-m.R-773x1024.jpg 773w, https:\/\/fu-kreisverband-dingolfing-landau.de\/wp-content\/uploads\/2024\/06\/26.04.24-Kreisdelegiertenversammlung-Loibl-a-m.R-226x300.jpg 226w, https:\/\/fu-kreisverband-dingolfing-landau.de\/wp-content\/uploads\/2024\/06\/26.04.24-Kreisdelegiertenversammlung-Loibl-a-m.R-768x1017.jpg 768w, https:\/\/fu-kreisverband-dingolfing-landau.de\/wp-content\/uploads\/2024\/06\/26.04.24-Kreisdelegiertenversammlung-Loibl-a-m.R-1160x1536.jpg 1160w, https:\/\/fu-kreisverband-dingolfing-landau.de\/wp-content\/uploads\/2024\/06\/26.04.24-Kreisdelegiertenversammlung-Loibl-a-m.R-1546x2048.jpg 1546w, https:\/\/fu-kreisverband-dingolfing-landau.de\/wp-content\/uploads\/2024\/06\/26.04.24-Kreisdelegiertenversammlung-Loibl-a-m.R-scaled.jpg 967w\" sizes=\"auto, (max-width: 773px) 100vw, 773px\" \/><\/figure>\n<\/figure>\n<\/div>\n\n\n\n<div class=\"wp-block-column is-layout-flow wp-block-column-is-layout-flow\">\n<figure class=\"wp-block-gallery has-nested-images columns-default is-cropped wp-block-gallery-2 is-layout-flex wp-block-gallery-is-layout-flex\">\n<figure class=\"wp-block-image size-large\"><img loading=\"lazy\" decoding=\"async\" width=\"964\" height=\"1024\" data-id=\"736\" src=\"https:\/\/fu-kreisverband-dingolfing-landau.de\/wp-content\/uploads\/2024\/06\/26.04.24-Kreisdelegiertenversammlung-Zollner-m.R-964x1024.jpg\" alt=\"\" class=\"wp-image-736\" srcset=\"https:\/\/fu-kreisverband-dingolfing-landau.de\/wp-content\/uploads\/2024\/06\/26.04.24-Kreisdelegiertenversammlung-Zollner-m.R-964x1024.jpg 964w, https:\/\/fu-kreisverband-dingolfing-landau.de\/wp-content\/uploads\/2024\/06\/26.04.24-Kreisdelegiertenversammlung-Zollner-m.R-282x300.jpg 282w, https:\/\/fu-kreisverband-dingolfing-landau.de\/wp-content\/uploads\/2024\/06\/26.04.24-Kreisdelegiertenversammlung-Zollner-m.R-768x816.jpg 768w, https:\/\/fu-kreisverband-dingolfing-landau.de\/wp-content\/uploads\/2024\/06\/26.04.24-Kreisdelegiertenversammlung-Zollner-m.R-1446x1536.jpg 1446w, https:\/\/fu-kreisverband-dingolfing-landau.de\/wp-content\/uploads\/2024\/06\/26.04.24-Kreisdelegiertenversammlung-Zollner-m.R-1928x2048.jpg 1928w, https:\/\/fu-kreisverband-dingolfing-landau.de\/wp-content\/uploads\/2024\/06\/26.04.24-Kreisdelegiertenversammlung-Zollner-m.R-scaled.jpg 1205w\" sizes=\"auto, (max-width: 964px) 100vw, 964px\" \/><\/figure>\n<\/figure>\n<\/div>\n<\/div>\n\n\n\n<p>Nach Gru\u00dfworten durch Dr. Loibl und Gudrun Zollner hielt die Vorsitzende einen R\u00fcckblick auf vergangene Veranstaltungen, untermalt von Lichtbildern durch Schriftf\u00fchrerin Carmen B\u00f6hm. Der finanzielle Rechenschaftsbericht von Schatzmeisterin Regina Charles sowie Kassenpr\u00fcfbericht und Entlastung der Vorstandschaft schlossen sich an.<\/p>\n\n\n\n<p class=\"has-text-align-center has-accent-color has-text-color has-link-color wp-elements-c184bfa468770fc449a0e95d18e6cdfd\"><strong>Das Wort ergriff Christine Engel zum Thema &#8222;Impuls zu Europa&#8220;.<\/strong><\/p>\n\n\n\n<div class=\"wp-block-columns is-layout-flex wp-container-core-columns-is-layout-9d6595d7 wp-block-columns-is-layout-flex\">\n<div class=\"wp-block-column is-layout-flow wp-block-column-is-layout-flow\">\n<figure class=\"wp-block-gallery has-nested-images columns-default is-cropped wp-block-gallery-3 is-layout-flex wp-block-gallery-is-layout-flex\">\n<figure class=\"wp-block-image size-large\"><img loading=\"lazy\" decoding=\"async\" width=\"772\" height=\"1024\" data-id=\"737\" src=\"https:\/\/fu-kreisverband-dingolfing-landau.de\/wp-content\/uploads\/2024\/06\/26.04.24-Kreisdelegiertenversammlung-Engel-Fitz-m.R-772x1024.jpg\" alt=\"\" class=\"wp-image-737\" srcset=\"https:\/\/fu-kreisverband-dingolfing-landau.de\/wp-content\/uploads\/2024\/06\/26.04.24-Kreisdelegiertenversammlung-Engel-Fitz-m.R-772x1024.jpg 772w, https:\/\/fu-kreisverband-dingolfing-landau.de\/wp-content\/uploads\/2024\/06\/26.04.24-Kreisdelegiertenversammlung-Engel-Fitz-m.R-226x300.jpg 226w, https:\/\/fu-kreisverband-dingolfing-landau.de\/wp-content\/uploads\/2024\/06\/26.04.24-Kreisdelegiertenversammlung-Engel-Fitz-m.R-768x1019.jpg 768w, https:\/\/fu-kreisverband-dingolfing-landau.de\/wp-content\/uploads\/2024\/06\/26.04.24-Kreisdelegiertenversammlung-Engel-Fitz-m.R-1158x1536.jpg 1158w, https:\/\/fu-kreisverband-dingolfing-landau.de\/wp-content\/uploads\/2024\/06\/26.04.24-Kreisdelegiertenversammlung-Engel-Fitz-m.R-1544x2048.jpg 1544w, https:\/\/fu-kreisverband-dingolfing-landau.de\/wp-content\/uploads\/2024\/06\/26.04.24-Kreisdelegiertenversammlung-Engel-Fitz-m.R-scaled.jpg 965w\" sizes=\"auto, (max-width: 772px) 100vw, 772px\" \/><\/figure>\n<\/figure>\n<\/div>\n\n\n\n<div class=\"wp-block-column is-layout-flow wp-block-column-is-layout-flow\">\n<figure class=\"wp-block-gallery has-nested-images columns-default is-cropped wp-block-gallery-4 is-layout-flex wp-block-gallery-is-layout-flex\">\n<figure class=\"wp-block-image size-large\"><img loading=\"lazy\" decoding=\"async\" width=\"771\" height=\"1024\" data-id=\"738\" src=\"https:\/\/fu-kreisverband-dingolfing-landau.de\/wp-content\/uploads\/2024\/06\/26.04.24-Kreisdelegiertenversammlung-Saal-2-a-m.R-771x1024.jpg\" alt=\"\" class=\"wp-image-738\" srcset=\"https:\/\/fu-kreisverband-dingolfing-landau.de\/wp-content\/uploads\/2024\/06\/26.04.24-Kreisdelegiertenversammlung-Saal-2-a-m.R-771x1024.jpg 771w, https:\/\/fu-kreisverband-dingolfing-landau.de\/wp-content\/uploads\/2024\/06\/26.04.24-Kreisdelegiertenversammlung-Saal-2-a-m.R-226x300.jpg 226w, https:\/\/fu-kreisverband-dingolfing-landau.de\/wp-content\/uploads\/2024\/06\/26.04.24-Kreisdelegiertenversammlung-Saal-2-a-m.R-768x1020.jpg 768w, https:\/\/fu-kreisverband-dingolfing-landau.de\/wp-content\/uploads\/2024\/06\/26.04.24-Kreisdelegiertenversammlung-Saal-2-a-m.R-1157x1536.jpg 1157w, https:\/\/fu-kreisverband-dingolfing-landau.de\/wp-content\/uploads\/2024\/06\/26.04.24-Kreisdelegiertenversammlung-Saal-2-a-m.R-1542x2048.jpg 1542w, https:\/\/fu-kreisverband-dingolfing-landau.de\/wp-content\/uploads\/2024\/06\/26.04.24-Kreisdelegiertenversammlung-Saal-2-a-m.R-scaled.jpg 964w\" sizes=\"auto, (max-width: 771px) 100vw, 771px\" \/><\/figure>\n<\/figure>\n<\/div>\n<\/div>\n\n\n\n<p>Alle Rednerinnen wiesen in ihren Ausf\u00fchrungen auf die Wichtigkeit der Europawahlen am 9. Juni hin.<\/p>\n\n\n\n<figure class=\"wp-block-gallery has-nested-images columns-default is-cropped wp-block-gallery-5 is-layout-flex wp-block-gallery-is-layout-flex\">\n<figure class=\"wp-block-image size-large\"><img loading=\"lazy\" decoding=\"async\" width=\"781\" height=\"1024\" data-id=\"770\" src=\"https:\/\/fu-kreisverband-dingolfing-landau.de\/wp-content\/uploads\/2024\/06\/26.04.24-Kreisdelegiertenversammlung-LZ-m.R-781x1024.jpg\" alt=\"\" class=\"wp-image-770\" srcset=\"https:\/\/fu-kreisverband-dingolfing-landau.de\/wp-content\/uploads\/2024\/06\/26.04.24-Kreisdelegiertenversammlung-LZ-m.R-781x1024.jpg 781w, https:\/\/fu-kreisverband-dingolfing-landau.de\/wp-content\/uploads\/2024\/06\/26.04.24-Kreisdelegiertenversammlung-LZ-m.R-229x300.jpg 229w, https:\/\/fu-kreisverband-dingolfing-landau.de\/wp-content\/uploads\/2024\/06\/26.04.24-Kreisdelegiertenversammlung-LZ-m.R-768x1008.jpg 768w, https:\/\/fu-kreisverband-dingolfing-landau.de\/wp-content\/uploads\/2024\/06\/26.04.24-Kreisdelegiertenversammlung-LZ-m.R-1171x1536.jpg 1171w, https:\/\/fu-kreisverband-dingolfing-landau.de\/wp-content\/uploads\/2024\/06\/26.04.24-Kreisdelegiertenversammlung-LZ-m.R.jpg 976w\" sizes=\"auto, (max-width: 781px) 100vw, 781px\" \/><\/figure>\n<\/figure>\n","protected":false},"excerpt":{"rendered":"<p>Die Delegierten des FU-Kreisverbandes trafen sich im Br\u00e4uhof Wallersdorf zur Kreisvertreterversammlung. Die Kreisvorsitzende Andrea Fitz konnte dazu auch die FU-Bezirksvorsitzende Dr. Petra Loibl und die stv. Landesvorsitzende Gudrun Zolllner begr\u00fc\u00dfen. Ein besonderer Gru\u00df galt der Listenkandidatin zur Europawahl 2024, Frau Christine Engel. Nach Gru\u00dfworten durch Dr. Loibl und Gudrun Zollner hielt die Vorsitzende einen R\u00fcckblick &#8230; <a title=\"26. April 2024: Kreisvertreterversammlung\" class=\"read-more\" href=\"https:\/\/fu-kreisverband-dingolfing-landau.de\/?p=732\" aria-label=\"Mehr Informationen \u00fcber 26. April 2024: Kreisvertreterversammlung\">Weiterlesen<\/a><\/p>\n","protected":false},"author":1,"featured_media":0,"comment_status":"closed","ping_status":"closed","sticky":false,"template":"","format":"standard","meta":{"footnotes":""},"categories":[1],"tags":[],"class_list":["post-732","post","type-post","status-publish","format-standard","hentry","category-allgemein"],"_links":{"self":[{"href":"https:\/\/fu-kreisverband-dingolfing-landau.de\/index.php?rest_route=\/wp\/v2\/posts\/732","targetHints":{"allow":["GET"]}}],"collection":[{"href":"https:\/\/fu-kreisverband-dingolfing-landau.de\/index.php?rest_route=\/wp\/v2\/posts"}],"about":[{"href":"https:\/\/fu-kreisverband-dingolfing-landau.de\/index.php?rest_route=\/wp\/v2\/types\/post"}],"author":[{"embeddable":true,"href":"https:\/\/fu-kreisverband-dingolfing-landau.de\/index.php?rest_route=\/wp\/v2\/users\/1"}],"replies":[{"embeddable":true,"href":"https:\/\/fu-kreisverband-dingolfing-landau.de\/index.php?rest_route=%2Fwp%2Fv2%2Fcomments&post=732"}],"version-history":[{"count":5,"href":"https:\/\/fu-kreisverband-dingolfing-landau.de\/index.php?rest_route=\/wp\/v2\/posts\/732\/revisions"}],"predecessor-version":[{"id":772,"href":"https:\/\/fu-kreisverband-dingolfing-landau.de\/index.php?rest_route=\/wp\/v2\/posts\/732\/revisions\/772"}],"wp:attachment":[{"href":"https:\/\/fu-kreisverband-dingolfing-landau.de\/index.php?rest_route=%2Fwp%2Fv2%2Fmedia&parent=732"}],"wp:term":[{"taxonomy":"category","embeddable":true,"href":"https:\/\/fu-kreisverband-dingolfing-landau.de\/index.php?rest_route=%2Fwp%2Fv2%2Fcategories&post=732"},{"taxonomy":"post_tag","embeddable":true,"href":"https:\/\/fu-kreisverband-dingolfing-landau.de\/index.php?rest_route=%2Fwp%2Fv2%2Ftags&post=732"}],"curies":[{"name":"wp","href":"https:\/\/api.w.org\/{rel}","templated":true}]}}